{"id":9422,"date":"2025-08-25T08:32:23","date_gmt":"2025-08-25T05:32:23","guid":{"rendered":"https:\/\/www.elka.fi\/aikakone\/?p=9422"},"modified":"2025-08-25T08:32:23","modified_gmt":"2025-08-25T05:32:23","slug":"hakli-lallukka-ja-kumpp-omistaa-juho-lallukka","status":"publish","type":"post","link":"https:\/\/www.elka.fi\/aikakone\/index.php\/2025\/08\/25\/hakli-lallukka-ja-kumpp-omistaa-juho-lallukka\/","title":{"rendered":"H\u00e4kli, Lallukka ja Kumpp., omistaa Juho Lallukka"},"content":{"rendered":"\n<p>Juho Lallukka syntyi 3.2.1852 R\u00e4is\u00e4l\u00e4ss\u00e4. Kauppa-apulaisena ja maakauppiaana aloittanut Lallukka p\u00e4\u00e4tyi perustamaan tukkukaupan Viipuriin yhteisty\u00f6kumppaneidensa Jaakko H\u00e4klin ja Vilhelm Paischeffin kanssa. Paischeffin kuoltua H\u00e4kli ja Lallukka lunastivat Paischeffin osuuden ja 1902 H\u00e4klin kuoleman j\u00e4lkeen Lallukka omisti liikkeen yksin. Liikkeen nimen\u00e4 pysyi H\u00e4kli, Lallukka ja Kumpp., omistaa Juho Lallukka.<\/p>\n\n\n\n<p>Juho Lallukka kuoli 1913 ja liikkeen otti hoitoonsa h\u00e4nen vaimonsa Maria Lallukka (k.1923). Lallukat muistetaan ehk\u00e4 parhaiten heid\u00e4n yhteisen testamenttinsa avulla perustetusta Lallukan taiteilijakodista, jota yll\u00e4pit\u00e4\u00e4 Juho ja Maria Lallukan Taiteilijakotis\u00e4\u00e4ti\u00f6. <\/p>\n\n\n\n<p>Alla oleva <em>&#8221;Onnea Uudella Vuodella&#8221;<\/em> -kirjanen vuodelta 1912 on Elkan kirjastossa.<\/p>\n\n\n\n<p><strong>Odota kuvan vaihtumista.<\/strong><\/p>\n\n\n\nngg_shortcode_0_placeholder\n","protected":false},"excerpt":{"rendered":"<p>Juho Lallukka syntyi 3.2.1852 R\u00e4is\u00e4l\u00e4ss\u00e4. Kauppa-apulaisena ja maakauppiaana aloittanut Lallukka p\u00e4\u00e4tyi perustamaan tukkukaupan Viipuriin yhteisty\u00f6kumppaneidensa Jaakko H\u00e4klin ja Vilhelm Paischeffin kanssa. Paischeffin kuoltua H\u00e4kli ja Lallukka lunastivat Paischeffin osuuden ja 1902 H\u00e4klin kuoleman j\u00e4lkeen Lallukka omisti liikkeen yksin. Liikkeen nimen\u00e4 pysyi H\u00e4kli, Lallukka ja Kumpp., omistaa Juho Lallukka. Juho Lallukka kuoli 1913 ja liikkeen otti&hellip; <\/p>\n<p class=\"more-link-p\"><a class=\"more-link\" href=\"https:\/\/www.elka.fi\/aikakone\/index.php\/2025\/08\/25\/hakli-lallukka-ja-kumpp-omistaa-juho-lallukka\/\">Continue reading <span class=\"meta-nav\">&rarr;<\/span><\/a><\/p>\n","protected":false},"author":1,"featured_media":9441,"comment_status":"open","ping_status":"open","sticky":false,"template":"","format":"standard","meta":{"_exactmetrics_skip_tracking":false,"_exactmetrics_sitenote_active":false,"_exactmetrics_sitenote_note":"","_exactmetrics_sitenote_category":0,"ngg_post_thumbnail":0,"footnotes":""},"categories":[1],"tags":[1220,1218,1221,16,1223,1222,1225,1217,1219,104,1224],"class_list":["post-9422","post","type-post","status-publish","format-standard","has-post-thumbnail","hentry","category-yleinen","tag-1220","tag-hakli","tag-juho-lallukka","tag-kauppiaat","tag-konttorit","tag-maria-lallukka","tag-tiedemann-ja-kumpp","tag-tukkukauppa","tag-uudenvuoden-toivotus","tag-viipuri","tag-virkailijat","xfolkentry","clearfix"],"aioseo_notices":[],"_links":{"self":[{"href":"https:\/\/www.elka.fi\/aikakone\/index.php\/wp-json\/wp\/v2\/posts\/9422","targetHints":{"allow":["GET"]}}],"collection":[{"href":"https:\/\/www.elka.fi\/aikakone\/index.php\/wp-json\/wp\/v2\/posts"}],"about":[{"href":"https:\/\/www.elka.fi\/aikakone\/index.php\/wp-json\/wp\/v2\/types\/post"}],"author":[{"embeddable":true,"href":"https:\/\/www.elka.fi\/aikakone\/index.php\/wp-json\/wp\/v2\/users\/1"}],"replies":[{"embeddable":true,"href":"https:\/\/www.elka.fi\/aikakone\/index.php\/wp-json\/wp\/v2\/comments?post=9422"}],"version-history":[{"count":7,"href":"https:\/\/www.elka.fi\/aikakone\/index.php\/wp-json\/wp\/v2\/posts\/9422\/revisions"}],"predecessor-version":[{"id":9445,"href":"https:\/\/www.elka.fi\/aikakone\/index.php\/wp-json\/wp\/v2\/posts\/9422\/revisions\/9445"}],"wp:featuredmedia":[{"embeddable":true,"href":"https:\/\/www.elka.fi\/aikakone\/index.php\/wp-json\/wp\/v2\/media\/9441"}],"wp:attachment":[{"href":"https:\/\/www.elka.fi\/aikakone\/index.php\/wp-json\/wp\/v2\/media?parent=9422"}],"wp:term":[{"taxonomy":"category","embeddable":true,"href":"https:\/\/www.elka.fi\/aikakone\/index.php\/wp-json\/wp\/v2\/categories?post=9422"},{"taxonomy":"post_tag","embeddable":true,"href":"https:\/\/www.elka.fi\/aikakone\/index.php\/wp-json\/wp\/v2\/tags?post=9422"}],"curies":[{"name":"wp","href":"https:\/\/api.w.org\/{rel}","templated":true}]}}