{"id":20,"date":"2015-05-06T15:22:56","date_gmt":"2015-05-06T12:22:56","guid":{"rendered":"http:\/\/www.elka.fi\/aikakone\/?p=20"},"modified":"2015-05-28T15:29:19","modified_gmt":"2015-05-28T12:29:19","slug":"eka-96-oli-ensimmainen-suomessa-valmistettu-saab","status":"publish","type":"post","link":"https:\/\/www.elka.fi\/aikakone\/index.php\/2015\/05\/06\/eka-96-oli-ensimmainen-suomessa-valmistettu-saab\/","title":{"rendered":"EKA-96 oli ensimm\u00e4inen Suomessa valmistettu Saab"},"content":{"rendered":"<p>Uudessakaupungissa sijaitsevalta Saab-Valmet Oy:n tehtaalta rullasi 13.11.1969 ulos ensimm\u00e4inen suomalaisvalmisteinen Saab. Tiedotusv\u00e4lineiden l\u00e4sn\u00e4ollessa auto seppel\u00f6itiin ja sille annettiin nimeksi EKA-96. My\u00f6hemmin samana p\u00e4iv\u00e4n\u00e4 auto toimitettiin Helsinkiin, jossa se luovutettiin tasavallan presidentti Urho Kekkoselle.<\/p>\n<p><a href=\"http:\/\/www.elka.fi\/aikakone\/wp-content\/uploads\/2015\/05\/10403_000016.jpg\"><img loading=\"lazy\" decoding=\"async\" class=\"  wp-image-22 alignleft\" src=\"http:\/\/www.elka.fi\/aikakone\/wp-content\/uploads\/2015\/05\/10403_000016-300x293.jpg\" alt=\"10403_000016\" width=\"272\" height=\"266\" srcset=\"https:\/\/www.elka.fi\/aikakone\/wp-content\/uploads\/2015\/05\/10403_000016-300x293.jpg 300w, https:\/\/www.elka.fi\/aikakone\/wp-content\/uploads\/2015\/05\/10403_000016.jpg 900w\" sizes=\"auto, (max-width: 272px) 100vw, 272px\" \/><\/a> <a href=\"http:\/\/www.elka.fi\/aikakone\/wp-content\/uploads\/2015\/05\/10403_000017.jpg\"><img loading=\"lazy\" decoding=\"async\" class=\"  wp-image-23 alignright\" src=\"http:\/\/www.elka.fi\/aikakone\/wp-content\/uploads\/2015\/05\/10403_000017-300x269.jpg\" alt=\"10403_000017\" width=\"280\" height=\"251\" srcset=\"https:\/\/www.elka.fi\/aikakone\/wp-content\/uploads\/2015\/05\/10403_000017-300x269.jpg 300w, https:\/\/www.elka.fi\/aikakone\/wp-content\/uploads\/2015\/05\/10403_000017.jpg 900w\" sizes=\"auto, (max-width: 280px) 100vw, 280px\" \/><\/a><\/p>\n<p>&nbsp;<\/p>\n<p>&nbsp;<\/p>\n<p>&nbsp;<\/p>\n<p>&nbsp;<\/p>\n<p>&nbsp;<\/p>\n<p>&nbsp;<\/p>\n<p>&nbsp;<\/p>\n<p>&nbsp;<\/p>\n<p>&nbsp;<\/p>\n<p>Autonvalmistus on Uudessakaupungissa jatkunut keskeytyksett\u00e4 t\u00e4h\u00e4n p\u00e4iv\u00e4\u00e4n saakka, ja linjastolta on rullannut ulos niin Saabeja, Opeleita, Porscheja kuin nyt viimeisimp\u00e4n\u00e4 Mercedes-Benzin uutta A-sarjaa.<\/p>\n","protected":false},"excerpt":{"rendered":"<p>Uudessakaupungissa sijaitsevalta Saab-Valmet Oy:n tehtaalta rullasi 13.11.1969 ulos ensimm\u00e4inen suomalaisvalmisteinen Saab. Tiedotusv\u00e4lineiden l\u00e4sn\u00e4ollessa auto seppel\u00f6itiin ja sille annettiin nimeksi EKA-96. My\u00f6hemmin samana p\u00e4iv\u00e4n\u00e4 auto toimitettiin Helsinkiin, jossa se luovutettiin tasavallan presidentti Urho Kekkoselle. &nbsp; &nbsp; &nbsp; &nbsp; &nbsp; &nbsp; &nbsp; &nbsp; &nbsp; Autonvalmistus on Uudessakaupungissa jatkunut keskeytyksett\u00e4 t\u00e4h\u00e4n p\u00e4iv\u00e4\u00e4n saakka, ja linjastolta on rullannut ulos&hellip; <\/p>\n<p class=\"more-link-p\"><a class=\"more-link\" href=\"https:\/\/www.elka.fi\/aikakone\/index.php\/2015\/05\/06\/eka-96-oli-ensimmainen-suomessa-valmistettu-saab\/\">Continue reading <span class=\"meta-nav\">&rarr;<\/span><\/a><\/p>\n","protected":false},"author":1,"featured_media":21,"comment_status":"open","ping_status":"open","sticky":false,"template":"","format":"standard","meta":{"_exactmetrics_skip_tracking":false,"_exactmetrics_sitenote_active":false,"_exactmetrics_sitenote_note":"","_exactmetrics_sitenote_category":0,"ngg_post_thumbnail":0,"footnotes":""},"categories":[1],"tags":[32,31,33],"class_list":["post-20","post","type-post","status-publish","format-standard","has-post-thumbnail","hentry","category-yleinen","tag-autot","tag-saab","tag-uusikaupunki","xfolkentry","clearfix"],"aioseo_notices":[],"_links":{"self":[{"href":"https:\/\/www.elka.fi\/aikakone\/index.php\/wp-json\/wp\/v2\/posts\/20","targetHints":{"allow":["GET"]}}],"collection":[{"href":"https:\/\/www.elka.fi\/aikakone\/index.php\/wp-json\/wp\/v2\/posts"}],"about":[{"href":"https:\/\/www.elka.fi\/aikakone\/index.php\/wp-json\/wp\/v2\/types\/post"}],"author":[{"embeddable":true,"href":"https:\/\/www.elka.fi\/aikakone\/index.php\/wp-json\/wp\/v2\/users\/1"}],"replies":[{"embeddable":true,"href":"https:\/\/www.elka.fi\/aikakone\/index.php\/wp-json\/wp\/v2\/comments?post=20"}],"version-history":[{"count":6,"href":"https:\/\/www.elka.fi\/aikakone\/index.php\/wp-json\/wp\/v2\/posts\/20\/revisions"}],"predecessor-version":[{"id":2450,"href":"https:\/\/www.elka.fi\/aikakone\/index.php\/wp-json\/wp\/v2\/posts\/20\/revisions\/2450"}],"wp:featuredmedia":[{"embeddable":true,"href":"https:\/\/www.elka.fi\/aikakone\/index.php\/wp-json\/wp\/v2\/media\/21"}],"wp:attachment":[{"href":"https:\/\/www.elka.fi\/aikakone\/index.php\/wp-json\/wp\/v2\/media?parent=20"}],"wp:term":[{"taxonomy":"category","embeddable":true,"href":"https:\/\/www.elka.fi\/aikakone\/index.php\/wp-json\/wp\/v2\/categories?post=20"},{"taxonomy":"post_tag","embeddable":true,"href":"https:\/\/www.elka.fi\/aikakone\/index.php\/wp-json\/wp\/v2\/tags?post=20"}],"curies":[{"name":"wp","href":"https:\/\/api.w.org\/{rel}","templated":true}]}}